{"id":1806,"date":"2023-05-20T20:49:29","date_gmt":"2023-05-20T20:49:29","guid":{"rendered":"https:\/\/urbanvolcano.net\/is\/?p=1806"},"modified":"2024-08-23T20:15:33","modified_gmt":"2024-08-23T20:15:33","slug":"oui","status":"publish","type":"post","link":"https:\/\/urbanvolcano.net\/is\/oui\/","title":{"rendered":"Oui"},"content":{"rendered":"\n<aside class=\"other-formats\">A\u00f0rar \u00fatg\u00e1fur: <a title=\"Oui (PDF)\" href=\"https:\/\/urbanvolcano.net\/ebooks\/is\/pdf\/oui.pdf\">PDF<\/a> | <a title=\"Oui (english)\" href=\"https:\/\/urbanvolcano.net\/en\/oui\/\">english<\/a><\/aside>\n\n\n<div class=\"wp-block-image\">\n<figure class=\"alignright size-full is-resized\"><a href=\"https:\/\/i0.wp.com\/urbanvolcano.net\/is\/wp-content\/uploads\/2023\/05\/oui.png?ssl=1\"><img data-recalc-dims=\"1\" loading=\"lazy\" decoding=\"async\" width=\"1025\" height=\"1025\" src=\"https:\/\/i0.wp.com\/urbanvolcano.net\/is\/wp-content\/uploads\/2023\/05\/oui.png?resize=1025%2C1025&#038;ssl=1\" alt=\"Oui \u2014 Myndskreyting B\u00f6rkur Sigurbj\u00f6rnsson\" class=\"wp-image-1807\" style=\"width:256px;height:256px\" srcset=\"https:\/\/i0.wp.com\/urbanvolcano.net\/is\/wp-content\/uploads\/2023\/05\/oui.png?w=1025&amp;ssl=1 1025w, https:\/\/i0.wp.com\/urbanvolcano.net\/is\/wp-content\/uploads\/2023\/05\/oui.png?resize=300%2C300&amp;ssl=1 300w, https:\/\/i0.wp.com\/urbanvolcano.net\/is\/wp-content\/uploads\/2023\/05\/oui.png?resize=150%2C150&amp;ssl=1 150w, https:\/\/i0.wp.com\/urbanvolcano.net\/is\/wp-content\/uploads\/2023\/05\/oui.png?resize=768%2C768&amp;ssl=1 768w, https:\/\/i0.wp.com\/urbanvolcano.net\/is\/wp-content\/uploads\/2023\/05\/oui.png?resize=900%2C900&amp;ssl=1 900w, https:\/\/i0.wp.com\/urbanvolcano.net\/is\/wp-content\/uploads\/2023\/05\/oui.png?resize=500%2C500&amp;ssl=1 500w\" sizes=\"auto, (max-width: 1025px) 100vw, 1025px\" \/><\/a><figcaption class=\"wp-element-caption\">Myndskreyting B\u00f6rkur Sigurbj\u00f6rnsson<\/figcaption><\/figure>\n<\/div>\n\n\n<p>\u00c9g settist ni\u00f0ur \u00e1 kaffih\u00fasi til \u00feess a\u00f0 f\u00e1 m\u00e9r morgunver\u00f0. \u00c1 morgun \u00e1tti \u00e9g a\u00f0 halda fyrirlestur \u00e1 r\u00e1\u00f0stefnu um netafr\u00e6\u00f0i en \u00ed dag \u00e6tla\u00f0i \u00e9g a\u00f0 ramba um g\u00f6tur Par\u00edsar og kynnast \u00fev\u00ed sem borgin hef\u00f0i upp \u00e1 a\u00f0 bj\u00f3\u00f0a. \u00c9g haf\u00f0i ekki neitt plan var\u00f0andi \u00fea\u00f0 hvert \u00e9g \u00e6tla\u00f0i. \u00c9g \u00e6tla\u00f0i bara a\u00f0 r\u00f6lta um og sj\u00e1 hvert f\u00e6turnir b\u00e6ru mig. \u00dea\u00f0 eina sem \u00e9g vissi fyrir v\u00edst var a\u00f0 \u00e9g haf\u00f0i \u00e1kve\u00f0i\u00f0 a\u00f0 reyna a\u00f0 haga m\u00e9r ekki eins og fer\u00f0ama\u00f0ur. \u00c9g \u00e6tla\u00f0i a\u00f0 falla inn \u00ed fj\u00f6ldann og l\u00e1ta l\u00edta \u00fat eins og \u00e9g v\u00e6ri Par\u00edsarb\u00fai.<\/p>\n\n\n\n<p>\u00dej\u00f3nn kom a\u00f0 bor\u00f0inu og spur\u00f0i hva\u00f0 m\u00e6tti bj\u00f3\u00f0a m\u00e9r. \u00c9g bar fram setninguna sem \u00e9g haf\u00f0i endurteki\u00f0 \u00ed s\u00edfellu \u00ed huganum fr\u00e1 \u00fev\u00ed a\u00f0 \u00e9g opna\u00f0i augun um morguninn.<\/p>\n\n\n\n<p>\u201eCroissant et caf\u00e9 au lait,\u201c sag\u00f0i \u00e9g eins \u00f6rugglega og \u00e9g m\u00f6gulega gat. Samt sem \u00e1\u00f0ur hlj\u00f3ma\u00f0i setningin ekki eins vel \u00feegar \u00e9g sag\u00f0i hana upph\u00e1tt og h\u00fan haf\u00f0i gert \u00ed huga m\u00e9r allan morguninn. Hlj\u00f3mfalli\u00f0 var anna\u00f0. Stir\u00f0ara. Upph\u00e1tt fl\u00e6ddu or\u00f0in eins og grj\u00f3thlass af v\u00f6rub\u00edlspalli \u00ed rigningu en ekki eins og lj\u00fafi l\u00e6kurinn \u00e1 s\u00f3lr\u00edkum sumardegi sem \u00e9g haf\u00f0i \u00edmynda\u00f0 m\u00e9r \u00ed huganum.<\/p>\n\n\n\n<p>\u201eUn croissant et un caf\u00e9 cr\u00eame,\u201c \u00feuldi \u00fej\u00f3ninn upp um lei\u00f0 og hann skrifa\u00f0i p\u00f6ntun m\u00edna samviskusamlega \u00ed skrifblokkina s\u00edna.<\/p>\n\n\n\n<p>\u00cd sta\u00f0 \u00feess a\u00f0 ganga fr\u00e1 bor\u00f0inu og inn \u00ed eldh\u00fas til \u00feess a\u00f0 afgrei\u00f0a p\u00f6ntunina \u00fe\u00e1 h\u00e9lt \u00fej\u00f3nninn kyrru fyrir og dembdi yfir mig bunu af fr\u00f6nskum or\u00f0um sem \u00e9g haf\u00f0i ekki hugmynd um hva\u00f0 \u00fe\u00fdddu. \u00dea\u00f0 haf\u00f0i ekki veri\u00f0 hluti af svi\u00f0smyndinni sem \u00e9g haf\u00f0i gert m\u00e9r \u00ed hugarlund um morguninn a\u00f0 p\u00f6ntunin innih\u00e9ldi meira en einfalda bei\u00f0ni og skilyr\u00f0islausa framkv\u00e6md. N\u00fa var um a\u00f0 gera a\u00f0 vi\u00f0urkenna ekki vanm\u00e1tt minn. Ekki gefast upp. Ekki tapa k\u00falinu. \u00c9g var\u00f0 a\u00f0 \u00edmynda m\u00e9r hvernig alv\u00f6ru Par\u00edsarb\u00fai myndi breg\u00f0ast vi\u00f0.<\/p>\n\n\n\n<p>\u201eOui,\u201c sag\u00f0i \u00e9g k\u00e6ruleysislega \u00feegar \u00fej\u00f3nninn haf\u00f0i loki\u00f0 m\u00e1li s\u00ednu.<\/p>\n\n\n\n<p>\u00dej\u00f3nninn kinka\u00f0i kolli, brosti og gekk \u00ed \u00e1tt a\u00f0 eldh\u00fasinu. \u00c9g vi\u00f0urkenndi fyrir sj\u00e1lfum m\u00e9r a\u00f0 \u00fea\u00f0 g\u00e6ti or\u00f0i\u00f0 \u00ferautinni \u00feyngra a\u00f0 reyna a\u00f0 haga s\u00e9r eins og heimama\u00f0ur \u00e1n \u00feess a\u00f0 geta tala\u00f0 fr\u00f6nsku a\u00f0 nokkru r\u00e1\u00f0i. Var \u00e9g hugsanlega a\u00f0 baka m\u00e9r vandr\u00e6\u00f0i? Hverju haf\u00f0i \u00e9g eiginlega j\u00e1ta\u00f0? \u00dea\u00f0 gat \u00fe\u00f3 varla veri\u00f0 harla alvarlegt \u00fear sem \u00fej\u00f3nninn haf\u00f0i teki\u00f0 svari m\u00ednu eins og \u00fea\u00f0 hef\u00f0i veri\u00f0 alveg sj\u00e1lfsagt. \u00c9g gat \u00fev\u00ed slappa\u00f0 af \u00e1 n\u00fd og sn\u00fai\u00f0 m\u00e9r a\u00f0 fyrirfram \u00e1kve\u00f0nu dagskr\u00e1nni.<\/p>\n\n\n\n<p>\u00c9g fylgdist me\u00f0 f\u00f3lkinu \u00e1 g\u00f6tunni og reyndi a\u00f0 finna eitthva\u00f0 \u00ed fari \u00feess sem \u00e9g g\u00e6ti teki\u00f0 upp til \u00feess a\u00f0 geta blekkt f\u00f3lk til \u00feess a\u00f0 halda a\u00f0 \u00e9g v\u00e6ri heimama\u00f0ur. Vi\u00f0 fyrstu athugun virtist \u00fea\u00f0 helst vera tvennt sem einkenndi Par\u00edsarb\u00faa. \u00deeir reyktu og gengu yfir g\u00f6tur \u00e1 rau\u00f0u lj\u00f3si. \u00c9g \u00e1kva\u00f0 a\u00f0 l\u00e1ta reykingarnar eiga sig en einsetti m\u00e9r a\u00f0 \u00e1 r\u00f6lti dagsins myndi \u00e9g ekki b\u00ed\u00f0a eftir gr\u00e6na karlinum ef umfer\u00f0in leyf\u00f0i anna\u00f0.<\/p>\n\n\n\n<p>\u00dea\u00f0 lei\u00f0 ekki \u00e1 l\u00f6ngu \u00e1\u00f0ur en \u00fej\u00f3nninn kom til baka og lag\u00f0i bolla af mj\u00f3lkurkaffi og smj\u00f6rdeigshorn \u00e1 bor\u00f0i\u00f0 fyrir framan mig. Morgunver\u00f0urinn leit \u00fat fyrir a\u00f0 vera n\u00e1kv\u00e6mlega eins og \u00e9g haf\u00f0i gert m\u00e9r \u00ed hugarlund. J\u00e1i\u00f0 mitt vi\u00f0 einr\u00e6\u00f0u \u00fej\u00f3nsins virtist ekki hafa ska\u00f0a\u00f0 neitt\u2014hva\u00f0 sem \u00fea\u00f0 haf\u00f0i n\u00fa veri\u00f0 sem \u00e9g j\u00e1tti. \u00c9g \u00e1kva\u00f0 a\u00f0 dvelja ekki vi\u00f0 \u00fe\u00e1 hugsun lengur. \u00c9g yr\u00f0i bara a\u00f0 ganga \u00ed gegnum l\u00edfi\u00f0 \u00e1n \u00feess a\u00f0 hafa hugmynd um \u00fea\u00f0 hva\u00f0 \u00fej\u00f3nninn haf\u00f0i sagt.<\/p>\n\n\n\n<aside class=\"wp-block-group book-ad has-text-color has-background\" style=\"color:#000000;background-color:#257ea9\"><div class=\"wp-block-group__inner-container is-layout-flow wp-block-group-is-layout-flow\">\n<div class=\"wp-block-media-text is-stacked-on-mobile\" style=\"grid-template-columns:33% auto\"><figure class=\"wp-block-media-text__media\"><img data-recalc-dims=\"1\" loading=\"lazy\" decoding=\"async\" width=\"683\" height=\"1024\" src=\"https:\/\/i0.wp.com\/urbanvolcano.net\/is\/wp-content\/uploads\/2024\/06\/medal-annars.png?resize=683%2C1024&#038;ssl=1\" alt=\"\" class=\"wp-image-2308 size-full\" srcset=\"https:\/\/i0.wp.com\/urbanvolcano.net\/is\/wp-content\/uploads\/2024\/06\/medal-annars.png?resize=683%2C1024&amp;ssl=1 683w, https:\/\/i0.wp.com\/urbanvolcano.net\/is\/wp-content\/uploads\/2024\/06\/medal-annars.png?resize=200%2C300&amp;ssl=1 200w, https:\/\/i0.wp.com\/urbanvolcano.net\/is\/wp-content\/uploads\/2024\/06\/medal-annars.png?resize=768%2C1152&amp;ssl=1 768w, https:\/\/i0.wp.com\/urbanvolcano.net\/is\/wp-content\/uploads\/2024\/06\/medal-annars.png?resize=1024%2C1536&amp;ssl=1 1024w, https:\/\/i0.wp.com\/urbanvolcano.net\/is\/wp-content\/uploads\/2024\/06\/medal-annars.png?resize=1365%2C2048&amp;ssl=1 1365w, https:\/\/i0.wp.com\/urbanvolcano.net\/is\/wp-content\/uploads\/2024\/06\/medal-annars.png?resize=900%2C1350&amp;ssl=1 900w, https:\/\/i0.wp.com\/urbanvolcano.net\/is\/wp-content\/uploads\/2024\/06\/medal-annars.png?resize=500%2C750&amp;ssl=1 500w, https:\/\/i0.wp.com\/urbanvolcano.net\/is\/wp-content\/uploads\/2024\/06\/medal-annars.png?w=1600&amp;ssl=1 1600w\" sizes=\"auto, (max-width: 683px) 100vw, 683px\" \/><\/figure><div class=\"wp-block-media-text__content\">\n<h4 class=\"wp-block-heading\">Me\u00f0al annars<\/h4>\n\n\n\n<p>\u00deessi \u00f6rsaga birtist \u00ed \u00f6rsagnasafninu Me\u00f0al annars.<\/p>\n\n\n\n<p>Ef \u00fe\u00fa haf\u00f0ir gaman a\u00f0 s\u00f6gunni \u00fe\u00e1 hvetjum vi\u00f0 \u00feig til \u00feess a\u00f0 styrkja \u00fatg\u00e1funa me\u00f0 \u00fev\u00ed a\u00f0 kaupa eintak af b\u00f3kinni.<\/p>\n\n\n\n<p><em>Me\u00f0al annars <\/em>f\u00e6st sem kilja hj\u00e1 <a href=\"https:\/\/www.amazon.com\/Me%C3%B0al-annars-Icelandic-B%C3%B6rkur-Sigurbj%C3%B6rnsson\/dp\/9935946673\/\">Amazon<\/a> og <a href=\"https:\/\/www.barnesandnoble.com\/w\/me-al-annars-b-rkur-sigurbj-rnsson\/1146140334?ean=9789935946676\">Barnes and Noble<\/a>. Rafb\u00e6kur f\u00e1st hj\u00e1 <a href=\"https:\/\/www.amazon.com\/Me%C3%B0al-annars-Icelandic-B%C3%B6rkur-Sigurbj%C3%B6rnsson-ebook\/dp\/B0DC4QTZK8\">Kindle Store<\/a>, <a href=\"https:\/\/books.apple.com\/us\/book\/me%C3%B0al-annars\/id6636554846\">Apple Books<\/a>, <a href=\"https:\/\/www.kobo.com\/us\/en\/ebook\/meal-annars\">Kobo<\/a>, og <a href=\"https:\/\/www.storytel.com\/is\/books\/me%C3%B0al-annars-9136591\">Storytel<\/a>.<\/p>\n\n\n\n<p>Ennig m\u00e1 styrkja h\u00f6fundinn \u00ed gegnum <a href=\"https:\/\/patreon.com\/UrbanVolcano\">Patreon<\/a> og <a href=\"https:\/\/buymeacoffee.com\/borkur\">Buy Me a Coffee<\/a> e\u00f0a me\u00f0 \u00fev\u00ed a\u00f0 gefa b\u00f3kinni einkunn \u00e1 <a href=\"https:\/\/www.goodreads.com\/book\/show\/217145885-me-al-annars\">Goodreads<\/a>.<\/p>\n<\/div><\/div>\n\n\n\n<div class=\"wp-block-buttons is-horizontal is-content-justification-center is-layout-flex wp-container-core-buttons-is-layout-499968f5 wp-block-buttons-is-layout-flex\">\n<div class=\"wp-block-button has-custom-width wp-block-button__width-50\"><a class=\"wp-block-button__link has-text-color has-background wp-element-button\" href=\"https:\/\/urbanvolcano.net\/is\/medal-annars\/\" style=\"border-radius:50px;color:#ffffff;background-color:#000000\">n\u00e1nari uppl\u00fdsingar<\/a><\/div>\n<\/div>\n<\/div><\/aside>\n","protected":false},"excerpt":{"rendered":"<p>\u00d6rsaga eftir B\u00f6rk Sigurbj\u00f6rnsson. S\u00f6guma\u00f0ur reynir a\u00f0 falla inn \u00ed fj\u00f6ldann \u00e1 g\u00f6tum Par\u00edsar.<\/p>\n","protected":false},"author":1,"featured_media":1807,"comment_status":"closed","ping_status":"closed","sticky":false,"template":"","format":"standard","meta":{"advanced_seo_description":"","jetpack_seo_html_title":"","jetpack_seo_noindex":false,"_jetpack_memberships_contains_paid_content":false,"footnotes":"","jetpack_publicize_message":"","jetpack_publicize_feature_enabled":true,"jetpack_social_post_already_shared":true,"jetpack_social_options":{"image_generator_settings":{"template":"highway","default_image_id":0,"font":"","enabled":false},"version":2}},"categories":[33],"tags":[6,38,64,51],"class_list":["post-1806","post","type-post","status-publish","format-standard","has-post-thumbnail","hentry","category-orsogur","tag-barir-kaffihus","tag-ferdalog","tag-gotulif","tag-hegdun-og-atferli","col-md-6 col-sm-6"],"jetpack_publicize_connections":[],"jetpack_featured_media_url":"https:\/\/i0.wp.com\/urbanvolcano.net\/is\/wp-content\/uploads\/2023\/05\/oui.png?fit=1025%2C1025&ssl=1","jetpack_sharing_enabled":true,"_links":{"self":[{"href":"https:\/\/urbanvolcano.net\/is\/wp-json\/wp\/v2\/posts\/1806","targetHints":{"allow":["GET"]}}],"collection":[{"href":"https:\/\/urbanvolcano.net\/is\/wp-json\/wp\/v2\/posts"}],"about":[{"href":"https:\/\/urbanvolcano.net\/is\/wp-json\/wp\/v2\/types\/post"}],"author":[{"embeddable":true,"href":"https:\/\/urbanvolcano.net\/is\/wp-json\/wp\/v2\/users\/1"}],"replies":[{"embeddable":true,"href":"https:\/\/urbanvolcano.net\/is\/wp-json\/wp\/v2\/comments?post=1806"}],"version-history":[{"count":6,"href":"https:\/\/urbanvolcano.net\/is\/wp-json\/wp\/v2\/posts\/1806\/revisions"}],"predecessor-version":[{"id":2350,"href":"https:\/\/urbanvolcano.net\/is\/wp-json\/wp\/v2\/posts\/1806\/revisions\/2350"}],"wp:featuredmedia":[{"embeddable":true,"href":"https:\/\/urbanvolcano.net\/is\/wp-json\/wp\/v2\/media\/1807"}],"wp:attachment":[{"href":"https:\/\/urbanvolcano.net\/is\/wp-json\/wp\/v2\/media?parent=1806"}],"wp:term":[{"taxonomy":"category","embeddable":true,"href":"https:\/\/urbanvolcano.net\/is\/wp-json\/wp\/v2\/categories?post=1806"},{"taxonomy":"post_tag","embeddable":true,"href":"https:\/\/urbanvolcano.net\/is\/wp-json\/wp\/v2\/tags?post=1806"}],"curies":[{"name":"wp","href":"https:\/\/api.w.org\/{rel}","templated":true}]}}